{"id":1627,"date":"2022-08-19T22:28:31","date_gmt":"2022-08-19T20:28:31","guid":{"rendered":"https:\/\/www.viaemisericordiae.org\/?p=1627"},"modified":"2022-08-19T22:28:31","modified_gmt":"2022-08-19T20:28:31","slug":"i-bambini-della-don-milani-e-del-gulli-di-faenza-sulle-tracce-delle-viae-misericordiae","status":"publish","type":"post","link":"https:\/\/www.viaemisericordiae.org\/de\/i-bambini-della-don-milani-e-del-gulli-di-faenza-sulle-tracce-delle-viae-misericordiae\/","title":{"rendered":"I bambini della Don Milani e del Gulli di Faenza sulle tracce delle Viae Misericordiae"},"content":{"rendered":"<p class=\"qtranxs-available-languages-message qtranxs-available-languages-message-de\">Leider ist der Eintrag nur auf <a href=\"https:\/\/www.viaemisericordiae.org\/it\/wp-json\/wp\/v2\/posts\/1627\" class=\"qtranxs-available-language-link qtranxs-available-language-link-it\" title=\"Italiano\">Italiano<\/a> verf\u00fcgbar. Der Inhalt wird unten in einer verf\u00fcgbaren Sprache angezeigt. Klicken Sie auf den Link, um die aktuelle Sprache zu \u00e4ndern.<\/p><p>Devo dire grazie alla dirigente scolastica dell\u2019Istituto comprensivo Europa,<strong>\u00a0Raffaella Valgimigli,<\/strong>\u00a0e alle maestre di Religione delle scuole \u201cdon Milani\u201d e \u201cGulli\u201d. Scuole molto attive e collaborative, grazie al corpo docenti di Religione e non solo; infatti negli scorsi anni hanno vinto concorsi e partecipato a molti progetti fra cui<em>\u00a0La matita delle idee<\/em>\u00a0vincendo il primo premio. Tra aprile e maggio scorsi alcune classi di queste scuole hanno partecipato al progetto<strong><em>\u00a0Sulle tracce della Viae Misericordiae,<\/em><\/strong>\u00a0promosso dal\u00a0<strong><em>Cammino Viae Misericordiae<\/em><\/strong>\u00a0e dalla\u00a0<strong>Fondazione Banca del Monte e Cassa di risparmio di Faenza.<\/strong>\u00a0Il progetto vuole far conoscere il patrimonio storico, artistico, naturalistico e religioso del territorio locale attraverso un turismo sostenibile e salutare.<\/p>\n<p><a href=\"https:\/\/ilpiccolo.org\/ilpiccolo\/2022\/08\/i-bambini-della-don-milani-e-del-gulli-di-faenza-sulle-tracce-delle-viae-misericordiae\/\"><img loading=\"lazy\" decoding=\"async\" class=\"size-medium wp-image-1622 aligncenter\" src=\"https:\/\/www.viaemisericordiae.org\/wp-content\/uploads\/2022\/08\/bimbi-viae-misericordiae-320x209.jpg\" alt=\"\" width=\"320\" height=\"209\" srcset=\"https:\/\/www.viaemisericordiae.org\/wp-content\/uploads\/2022\/08\/bimbi-viae-misericordiae-320x209.jpg 320w, https:\/\/www.viaemisericordiae.org\/wp-content\/uploads\/2022\/08\/bimbi-viae-misericordiae-960x628.jpg 960w, https:\/\/www.viaemisericordiae.org\/wp-content\/uploads\/2022\/08\/bimbi-viae-misericordiae-768x503.jpg 768w, https:\/\/www.viaemisericordiae.org\/wp-content\/uploads\/2022\/08\/bimbi-viae-misericordiae-830x543.jpg 830w, https:\/\/www.viaemisericordiae.org\/wp-content\/uploads\/2022\/08\/bimbi-viae-misericordiae-230x151.jpg 230w, https:\/\/www.viaemisericordiae.org\/wp-content\/uploads\/2022\/08\/bimbi-viae-misericordiae-350x229.jpg 350w, https:\/\/www.viaemisericordiae.org\/wp-content\/uploads\/2022\/08\/bimbi-viae-misericordiae-480x314.jpg 480w, https:\/\/www.viaemisericordiae.org\/wp-content\/uploads\/2022\/08\/bimbi-viae-misericordiae-600x393.jpg 600w, https:\/\/www.viaemisericordiae.org\/wp-content\/uploads\/2022\/08\/bimbi-viae-misericordiae.jpg 1068w\" sizes=\"auto, (max-width: 320px) 100vw, 320px\" \/><\/a><\/p>\n<p>&nbsp;<\/p>\n<p><a href=\"https:\/\/ilpiccolo.org\/ilpiccolo\/2022\/08\/i-bambini-della-don-milani-e-del-gulli-di-faenza-sulle-tracce-delle-viae-misericordiae\/\">Leggi l&#8217;articolo completo su Il Piccolo: <\/a><a href=\"https:\/\/ilpiccolo.org\/ilpiccolo\/2022\/08\/i-bambini-della-don-milani-e-del-gulli-di-faenza-sulle-tracce-delle-viae-misericordiae\/\"> https:\/\/ilpiccolo.org\/ilpiccolo\/2022\/08\/i-bambini-della-don-milani-e-del-gulli-di-faenza-sulle-tracce-delle-viae-misericordiae\/<\/a><\/p>","protected":false},"excerpt":{"rendered":"<p>Leider ist der Eintrag nur auf Italiano verf\u00fcgbar. Der Inhalt wird unten in einer verf\u00fcgbaren Sprache angezeigt. Klicken Sie auf den Link, um die aktuelle Sprache zu \u00e4ndern.Devo dire grazie alla dirigente scolastica dell\u2019Istituto comprensivo Europa,\u00a0Raffaella Valgimigli,\u00a0e alle maestre di Religione delle scuole \u201cdon Milani\u201d e \u201cGulli\u201d. Scuole molto attive e collaborative, grazie al corpo [&hellip;]<\/p>\n","protected":false},"author":1,"featured_media":0,"comment_status":"closed","ping_status":"closed","sticky":false,"template":"","format":"standard","meta":{"footnotes":""},"categories":[1],"tags":[],"class_list":["post-1627","post","type-post","status-publish","format-standard","hentry","category-news"],"_links":{"self":[{"href":"https:\/\/www.viaemisericordiae.org\/de\/wp-json\/wp\/v2\/posts\/1627","targetHints":{"allow":["GET"]}}],"collection":[{"href":"https:\/\/www.viaemisericordiae.org\/de\/wp-json\/wp\/v2\/posts"}],"about":[{"href":"https:\/\/www.viaemisericordiae.org\/de\/wp-json\/wp\/v2\/types\/post"}],"author":[{"embeddable":true,"href":"https:\/\/www.viaemisericordiae.org\/de\/wp-json\/wp\/v2\/users\/1"}],"replies":[{"embeddable":true,"href":"https:\/\/www.viaemisericordiae.org\/de\/wp-json\/wp\/v2\/comments?post=1627"}],"version-history":[{"count":1,"href":"https:\/\/www.viaemisericordiae.org\/de\/wp-json\/wp\/v2\/posts\/1627\/revisions"}],"predecessor-version":[{"id":1628,"href":"https:\/\/www.viaemisericordiae.org\/de\/wp-json\/wp\/v2\/posts\/1627\/revisions\/1628"}],"wp:attachment":[{"href":"https:\/\/www.viaemisericordiae.org\/de\/wp-json\/wp\/v2\/media?parent=1627"}],"wp:term":[{"taxonomy":"category","embeddable":true,"href":"https:\/\/www.viaemisericordiae.org\/de\/wp-json\/wp\/v2\/categories?post=1627"},{"taxonomy":"post_tag","embeddable":true,"href":"https:\/\/www.viaemisericordiae.org\/de\/wp-json\/wp\/v2\/tags?post=1627"}],"curies":[{"name":"wp","href":"https:\/\/api.w.org\/{rel}","templated":true}]}}