{"id":1670,"date":"2023-09-14T14:43:37","date_gmt":"2023-09-14T12:43:37","guid":{"rendered":"https:\/\/www.viaemisericordiae.org\/?p=1670"},"modified":"2023-09-23T14:55:36","modified_gmt":"2023-09-23T12:55:36","slug":"festival-dei-cammini-2023-sabato-23-e-domenica-24-settembre-2023","status":"publish","type":"post","link":"https:\/\/www.viaemisericordiae.org\/de\/festival-dei-cammini-2023-sabato-23-e-domenica-24-settembre-2023\/","title":{"rendered":"Festival dei cammini 2023 Sabato 23 e Domenica 24 settembre 2023\u00a0"},"content":{"rendered":"<p class=\"qtranxs-available-languages-message qtranxs-available-languages-message-de\">Leider ist der Eintrag nur auf <a href=\"https:\/\/www.viaemisericordiae.org\/it\/wp-json\/wp\/v2\/posts\/1670\" class=\"qtranxs-available-language-link qtranxs-available-language-link-it\" title=\"Italiano\">Italiano<\/a> verf\u00fcgbar. Der Inhalt wird unten in einer verf\u00fcgbaren Sprache angezeigt. Klicken Sie auf den Link, um die aktuelle Sprache zu \u00e4ndern.<\/p><p><\/p>\n<h1 style=\"text-align: center;\">Festival dei cammini 2023 a Brisighella<\/h1>\n<p style=\"text-align: center;\">\u00a0Sabato 23 e Domenica 24 settembre 2023<\/p>\n<p><img loading=\"lazy\" decoding=\"async\" class=\"aligncenter wp-image-1696 size-medium\" src=\"https:\/\/www.viaemisericordiae.org\/wp-content\/uploads\/2023\/09\/festival-dei-cammini-brisighella-2023-1-320x454.jpg\" alt=\"\" width=\"320\" height=\"454\" srcset=\"https:\/\/www.viaemisericordiae.org\/wp-content\/uploads\/2023\/09\/festival-dei-cammini-brisighella-2023-1-320x454.jpg 320w, https:\/\/www.viaemisericordiae.org\/wp-content\/uploads\/2023\/09\/festival-dei-cammini-brisighella-2023-1-768x1090.jpg 768w, https:\/\/www.viaemisericordiae.org\/wp-content\/uploads\/2023\/09\/festival-dei-cammini-brisighella-2023-1-830x1178.jpg 830w, https:\/\/www.viaemisericordiae.org\/wp-content\/uploads\/2023\/09\/festival-dei-cammini-brisighella-2023-1-230x326.jpg 230w, https:\/\/www.viaemisericordiae.org\/wp-content\/uploads\/2023\/09\/festival-dei-cammini-brisighella-2023-1-350x497.jpg 350w, https:\/\/www.viaemisericordiae.org\/wp-content\/uploads\/2023\/09\/festival-dei-cammini-brisighella-2023-1-480x681.jpg 480w, https:\/\/www.viaemisericordiae.org\/wp-content\/uploads\/2023\/09\/festival-dei-cammini-brisighella-2023-1-600x851.jpg 600w, https:\/\/www.viaemisericordiae.org\/wp-content\/uploads\/2023\/09\/festival-dei-cammini-brisighella-2023-1.jpg 874w\" sizes=\"auto, (max-width: 320px) 100vw, 320px\" \/><img loading=\"lazy\" decoding=\"async\" class=\"aligncenter size-medium wp-image-1695\" src=\"https:\/\/www.viaemisericordiae.org\/wp-content\/uploads\/2023\/09\/festival-dei-cammini-brisighella-2023-2-320x454.jpg\" alt=\"\" width=\"320\" height=\"454\" srcset=\"https:\/\/www.viaemisericordiae.org\/wp-content\/uploads\/2023\/09\/festival-dei-cammini-brisighella-2023-2-320x454.jpg 320w, https:\/\/www.viaemisericordiae.org\/wp-content\/uploads\/2023\/09\/festival-dei-cammini-brisighella-2023-2-768x1090.jpg 768w, https:\/\/www.viaemisericordiae.org\/wp-content\/uploads\/2023\/09\/festival-dei-cammini-brisighella-2023-2-830x1178.jpg 830w, https:\/\/www.viaemisericordiae.org\/wp-content\/uploads\/2023\/09\/festival-dei-cammini-brisighella-2023-2-230x326.jpg 230w, https:\/\/www.viaemisericordiae.org\/wp-content\/uploads\/2023\/09\/festival-dei-cammini-brisighella-2023-2-350x497.jpg 350w, https:\/\/www.viaemisericordiae.org\/wp-content\/uploads\/2023\/09\/festival-dei-cammini-brisighella-2023-2-480x681.jpg 480w, https:\/\/www.viaemisericordiae.org\/wp-content\/uploads\/2023\/09\/festival-dei-cammini-brisighella-2023-2-600x851.jpg 600w, https:\/\/www.viaemisericordiae.org\/wp-content\/uploads\/2023\/09\/festival-dei-cammini-brisighella-2023-2.jpg 874w\" sizes=\"auto, (max-width: 320px) 100vw, 320px\" \/><\/p>\n<h1>Sabato 23 settembre 2023<\/h1>\n<ol>\n<li style=\"list-style-type: none;\">\n<ol>\n<li style=\"list-style-type: none;\">\n<ol>\n<li>Apertura festival ore 14,30<\/li>\n<li>Merenda nell&#8217;oliveta a cura di Terra di Brisighella ore 15,00 con prenotazione presso CAB<\/li>\n<li>Per chi desidera raggiungere il luogo della merenda a piedi, verr\u00e0 accompagnato in gruppo, con partenza da via Masironi alle ore 14,35 occorre prenotazione per la guida e per la merenda, eventuale costo merenda a carico dei partecipanti, accompagnatore offerto da ProLoco. Possibilit\u00e0 di raggiungere il punto merenda con il trenino panoramico con partenza da piazza Carducci.<\/li>\n<li>Inaugurazione mostre ore 16,00 , visita ai tavolini delle associazioni ed espositori. Artisti: Hannah Berlin, Simona Serra, Guido Venturini, Maria Liuzzo, Luca Ceroni e Maria Cristina Sintomi.<img loading=\"lazy\" decoding=\"async\" class=\" wp-image-1686 aligncenter\" src=\"https:\/\/www.viaemisericordiae.org\/wp-content\/uploads\/2023\/09\/festival-320x458.jpg\" alt=\"\" width=\"258\" height=\"369\" srcset=\"https:\/\/www.viaemisericordiae.org\/wp-content\/uploads\/2023\/09\/festival-320x458.jpg 320w, https:\/\/www.viaemisericordiae.org\/wp-content\/uploads\/2023\/09\/festival-230x330.jpg 230w, https:\/\/www.viaemisericordiae.org\/wp-content\/uploads\/2023\/09\/festival-350x501.jpg 350w, https:\/\/www.viaemisericordiae.org\/wp-content\/uploads\/2023\/09\/festival-480x688.jpg 480w, https:\/\/www.viaemisericordiae.org\/wp-content\/uploads\/2023\/09\/festival.jpg 573w\" sizes=\"auto, (max-width: 258px) 100vw, 258px\" \/><\/li>\n<\/ol>\n<\/li>\n<\/ol>\n<p>&nbsp;<\/p>\n<ol>\n<li>Apertura punto di ristoro ore 18,00.<\/li>\n<li>Santa Messa ore 18,00<\/li>\n<li>Concerto coro Alpini di Ala Avio ore 20,30 (5) Chiesa Santa Maria degli Angeli prima e dopo al coro sar\u00e0 possibile gustare dell&#8217;ottimo vino brul\u00e8 fatto dal gruppo Alpini di Brisighella (1)<\/li>\n<\/ol>\n<\/li>\n<\/ol>\n<p><img loading=\"lazy\" decoding=\"async\" class=\"size-medium wp-image-1687 aligncenter\" src=\"https:\/\/www.viaemisericordiae.org\/wp-content\/uploads\/2023\/09\/coro-festival-290x480.jpg\" alt=\"\" width=\"290\" height=\"480\" srcset=\"https:\/\/www.viaemisericordiae.org\/wp-content\/uploads\/2023\/09\/coro-festival-290x480.jpg 290w, https:\/\/www.viaemisericordiae.org\/wp-content\/uploads\/2023\/09\/coro-festival-230x380.jpg 230w, https:\/\/www.viaemisericordiae.org\/wp-content\/uploads\/2023\/09\/coro-festival-350x578.jpg 350w, https:\/\/www.viaemisericordiae.org\/wp-content\/uploads\/2023\/09\/coro-festival.jpg 357w\" sizes=\"auto, (max-width: 290px) 100vw, 290px\" \/><\/p>\n<h1>Domenica 24 settembre 2023<\/h1>\n<ol>\n<li>Apertura festival ore 9,00.<\/li>\n<li>Sante Messe ore 9,00 e ore 11,00.<\/li>\n<li>Presentazione associazioni dei cammini e saluto delle autorit\u00e0 ore 10,00 (6) Cenacolo \/ Refettorio.<\/li>\n<li>Apertura punto ristoro ore 11,30 che rimarr\u00e0 aperto fino a fine evento<\/li>\n<li>Camminata sui colli e visita al borgo con visita alle attivit\u00e0 aperte in centro, su prenotazione<\/li>\n<li>Visita al Convento a cura di \u201cAmici dell&#8217;Osservanza\u201d ore 11,45<\/li>\n<li>Proiezioni di materiale dei cammini, del FAB e della ProLoco dalle ore 14,00 in poi con interruzione durante la presentazione dei libri ed un ricordo all&#8217;amico Andrea Spinelli.<\/li>\n<li>Camminata sul sentiero dell&#8217;Olio con passaggio alla cava del Monticino, con guida su prenotazione, partenza ore 14,30 all&#8217;arrivo ore 18,00circa degustazione prodotti tipici.<\/li>\n<li>&#8230;Il Buon Cammino &#8230;frammenti della Commedia interpretati da Giovanni Tonelli. Gilberto Mazzotti alla Tastiera. Ore 18,00 (5) Chiesa<\/li>\n<li>Piccolo concerto ore 18,30 (6) cenacolo\/refettorio. Intervento musicale dell&#8217;Ensemble a Pizzico&#8220; Scuola di Musica Masironi nel Cenacolo.<\/li>\n<li>Presentazione libri:<em> (gli approfondimenti in fondo all&#8217;articolo)\u00a0<\/em><\/li>\n<\/ol>\n<p>&#8222;Sale di Pietra&#8220; ore 15,00 alla sala\u00a0 (6) Cenacolo: <em>presentazione a cura della autrice\u00a0<\/em><em>Maria Federica Baroncini<\/em><em>\u00a0.<\/em><\/p>\n<p>Presentazione libro alla sala (6) Cenacolo ore 16,00:&#8220; Donne con lo zaino &#8211; Vite in Cammino&#8220; di Patrizia D&#8217;Antonio e Raffaella Gambardella, presentazione a cura della autrice Patrizia D&#8217;Antonio.<\/p>\n<p>Presentazione libro sui Cammini d&#8217;Italia: &#8222;Enciclopedia dei cammini d&#8217;Italia &#8222;alla sala ore 17,00 (6) Cenacolo: <em>\u00a0presentazione a cura d<\/em><em>ell&#8217;autrice\u00a0 <\/em><em>Monica Franco<\/em><em> .<\/em><\/p>\n<ol start=\"12\">\n<li>Pomeriggio musica e animazione per bambini (1 e 11) Orto e chiostro dei gelsomini<\/li>\n<li>Chiusura festival ore 20,30 circa<\/li>\n<\/ol>\n<p>Durante il festival presenza di mercatini, rappresentanti dei punti accoglienza dei cammini, bisaccia del pellegrino, mostre e punti ristoro.<\/p>\n<ol start=\"12\">\n<li style=\"list-style-type: none;\"><img loading=\"lazy\" decoding=\"async\" class=\"aligncenter wp-image-1676 \" src=\"https:\/\/www.viaemisericordiae.org\/wp-content\/uploads\/2023\/09\/osserv.jpg\" alt=\"\" width=\"689\" height=\"394\" srcset=\"https:\/\/www.viaemisericordiae.org\/wp-content\/uploads\/2023\/09\/osserv.jpg 1269w, https:\/\/www.viaemisericordiae.org\/wp-content\/uploads\/2023\/09\/osserv-320x183.jpg 320w, https:\/\/www.viaemisericordiae.org\/wp-content\/uploads\/2023\/09\/osserv-960x549.jpg 960w, https:\/\/www.viaemisericordiae.org\/wp-content\/uploads\/2023\/09\/osserv-768x439.jpg 768w, https:\/\/www.viaemisericordiae.org\/wp-content\/uploads\/2023\/09\/osserv-830x475.jpg 830w, https:\/\/www.viaemisericordiae.org\/wp-content\/uploads\/2023\/09\/osserv-230x132.jpg 230w, https:\/\/www.viaemisericordiae.org\/wp-content\/uploads\/2023\/09\/osserv-350x200.jpg 350w, https:\/\/www.viaemisericordiae.org\/wp-content\/uploads\/2023\/09\/osserv-480x275.jpg 480w, https:\/\/www.viaemisericordiae.org\/wp-content\/uploads\/2023\/09\/osserv-600x343.jpg 600w\" sizes=\"auto, (max-width: 689px) 100vw, 689px\" \/><\/li>\n<\/ol>\n<p>&nbsp;<\/p>\n<p>LIBRI<\/p>\n<figure id=\"attachment_1679\" aria-describedby=\"caption-attachment-1679\" style=\"width: 320px\" class=\"wp-caption alignleft\"><img loading=\"lazy\" decoding=\"async\" class=\"wp-image-1679 size-medium\" src=\"https:\/\/www.viaemisericordiae.org\/wp-content\/uploads\/2023\/09\/sale-di-pietra-320x427.jpg\" alt=\"\" width=\"320\" height=\"427\" srcset=\"https:\/\/www.viaemisericordiae.org\/wp-content\/uploads\/2023\/09\/sale-di-pietra-320x427.jpg 320w, https:\/\/www.viaemisericordiae.org\/wp-content\/uploads\/2023\/09\/sale-di-pietra-960x1280.jpg 960w, https:\/\/www.viaemisericordiae.org\/wp-content\/uploads\/2023\/09\/sale-di-pietra-768x1024.jpg 768w, https:\/\/www.viaemisericordiae.org\/wp-content\/uploads\/2023\/09\/sale-di-pietra-1152x1536.jpg 1152w, https:\/\/www.viaemisericordiae.org\/wp-content\/uploads\/2023\/09\/sale-di-pietra-830x1107.jpg 830w, https:\/\/www.viaemisericordiae.org\/wp-content\/uploads\/2023\/09\/sale-di-pietra-230x307.jpg 230w, https:\/\/www.viaemisericordiae.org\/wp-content\/uploads\/2023\/09\/sale-di-pietra-350x467.jpg 350w, https:\/\/www.viaemisericordiae.org\/wp-content\/uploads\/2023\/09\/sale-di-pietra-480x640.jpg 480w, https:\/\/www.viaemisericordiae.org\/wp-content\/uploads\/2023\/09\/sale-di-pietra-600x800.jpg 600w, https:\/\/www.viaemisericordiae.org\/wp-content\/uploads\/2023\/09\/sale-di-pietra.jpg 1500w\" sizes=\"auto, (max-width: 320px) 100vw, 320px\" \/><figcaption id=\"caption-attachment-1679\" class=\"wp-caption-text\">Presentazione libro : &#8220; Sale di Pietra &#8222;ore 15,00\u00a0alla sala\u00a0 (6) Cenacolo: presentazione a cura della autrice Maria Federica Baroncini . Maria Federica Baroncini presenta il libro del cammino di una famiglia di Faenza durante la seconda guerra mondiale descrivendo la guerra e l&#8217;ambiente faentino e l&#8217;arte di Faenza.<\/figcaption><\/figure>\n<figure id=\"attachment_1681\" aria-describedby=\"caption-attachment-1681\" style=\"width: 289px\" class=\"wp-caption alignleft\"><img loading=\"lazy\" decoding=\"async\" class=\"wp-image-1681\" src=\"https:\/\/www.viaemisericordiae.org\/wp-content\/uploads\/2023\/09\/donne-con-lo-zaino-320x474.jpg\" alt=\"\" width=\"289\" height=\"428\" srcset=\"https:\/\/www.viaemisericordiae.org\/wp-content\/uploads\/2023\/09\/donne-con-lo-zaino-320x474.jpg 320w, https:\/\/www.viaemisericordiae.org\/wp-content\/uploads\/2023\/09\/donne-con-lo-zaino-230x341.jpg 230w, https:\/\/www.viaemisericordiae.org\/wp-content\/uploads\/2023\/09\/donne-con-lo-zaino-350x519.jpg 350w, https:\/\/www.viaemisericordiae.org\/wp-content\/uploads\/2023\/09\/donne-con-lo-zaino-480x711.jpg 480w, https:\/\/www.viaemisericordiae.org\/wp-content\/uploads\/2023\/09\/donne-con-lo-zaino-600x889.jpg 600w, https:\/\/www.viaemisericordiae.org\/wp-content\/uploads\/2023\/09\/donne-con-lo-zaino.jpg 675w\" sizes=\"auto, (max-width: 289px) 100vw, 289px\" \/><figcaption id=\"caption-attachment-1681\" class=\"wp-caption-text\">&#8222;Donne con lo zaino &#8211; Vite in Cammino&#8220; di Patrizia D&#8217;Antonio e Raffaella Gambardella (Elliot 2023) presentato dall&#8217;autrice Patrizia D&#8217;Antonio Questo libro \u00e8 il seguito di Donne con lo Zaino &#8211; storie di donne sempre in cammino&#8220;(Elliot 2021), Da un progetto che le autrici portano avanti da pi\u00f9 di tre anni di un blog per donne viaggiatrici e non. Patrizia D&#8217;Antonio, docente in Italia e all&#8217;estero, attualmente insegna italiano agli stranieri a Roma. Ama scrivere da sempre e dopo una tesi di dottorato tra Francia e Italia Ha privilegiato negli ultimi tempi, la ricerca dedicata al blog &#8222;donneconlozaino&#8220; Ispiratrice del primo e secondo libro. Raffaella Gambardella , nata a Bari, ha pubblicato alcuni romanzi e racconti per ragazzi. Movie maker e blogger, \u00e8 autrice di diversi documentari e cortometraggi premiati in molti Festival e del blog &#8222;Donne con lo zaino&#8220;<\/figcaption><\/figure>\n<figure id=\"attachment_1678\" aria-describedby=\"caption-attachment-1678\" style=\"width: 320px\" class=\"wp-caption alignleft\"><img loading=\"lazy\" decoding=\"async\" class=\"wp-image-1678 size-medium\" src=\"https:\/\/www.viaemisericordiae.org\/wp-content\/uploads\/2023\/09\/lencilopedia-dei-cammini-italiani-320x427.jpg\" alt=\"\" width=\"320\" height=\"427\" srcset=\"https:\/\/www.viaemisericordiae.org\/wp-content\/uploads\/2023\/09\/lencilopedia-dei-cammini-italiani-320x427.jpg 320w, https:\/\/www.viaemisericordiae.org\/wp-content\/uploads\/2023\/09\/lencilopedia-dei-cammini-italiani-230x307.jpg 230w, https:\/\/www.viaemisericordiae.org\/wp-content\/uploads\/2023\/09\/lencilopedia-dei-cammini-italiani-350x467.jpg 350w, https:\/\/www.viaemisericordiae.org\/wp-content\/uploads\/2023\/09\/lencilopedia-dei-cammini-italiani-480x640.jpg 480w, https:\/\/www.viaemisericordiae.org\/wp-content\/uploads\/2023\/09\/lencilopedia-dei-cammini-italiani-600x800.jpg 600w, https:\/\/www.viaemisericordiae.org\/wp-content\/uploads\/2023\/09\/lencilopedia-dei-cammini-italiani.jpg 609w\" sizes=\"auto, (max-width: 320px) 100vw, 320px\" \/><figcaption id=\"caption-attachment-1678\" class=\"wp-caption-text\">Presentazione libro sui Cammini d&#8217;Italia: &#8222;Enciclopedia dei cammini d&#8217;Italia &#8222;alla sala ore 17,00 (6) Cenacolo: \u00a0presentazione a cura dell&#8217;autrice\u00a0 Monica Franco . Questo libro nasce da un\u2019idea che mi \u00e8 venuta circa due anni fa quando, dopo aver percorso per la seconda volta la Via degli Dei, mi sono interessata a scoprire quanti cammini si potessero fare in Italia e scoprirne la storia. Su Internet per\u00f2 non riuscivo a trovare un sito che fosse ben fornito o che illustrasse tutti i percorsi regione per regione, che ne spiegasse la storia e che ne descrivesse le caratteristiche generali. Ho voluto quindi raggruppare tutti i Cammini italiani in questa enciclopedia che nasce proprio per i camminatori che non si stancano mai e che vogliono continuare ad esplorare il nostro meraviglioso territorio. Questo \u00e8 il primo di due libri che tratta nello specifico la parte nord dell\u2019Italia arrivando fino alla Toscana. Ogni cammino avr\u00e0 il suo capitolo dedicato dove saranno presenti le informazioni storiche, le informazioni tecniche generali, un\u2019immagine della mappa e un codice QR che rimanda al sito ufficiale del cammino in questione, permettendo a chi vuole percorrerlo di ricercare informazioni pi\u00f9 dettagliate consultando le pubblicazioni ufficiali e di rivolgersi direttamente agli organizzatori per qualsiasi altra domanda.<\/figcaption><\/figure>\n<p>&nbsp;<\/p>","protected":false},"excerpt":{"rendered":"<p>Leider ist der Eintrag nur auf Italiano verf\u00fcgbar. Der Inhalt wird unten in einer verf\u00fcgbaren Sprache angezeigt. Klicken Sie auf den Link, um die aktuelle Sprache zu \u00e4ndern. Festival dei cammini 2023 a Brisighella \u00a0Sabato 23 e Domenica 24 settembre 2023 Sabato 23 settembre 2023 Apertura festival ore 14,30 Merenda nell&#8217;oliveta a cura di Terra [&hellip;]<\/p>\n","protected":false},"author":1,"featured_media":0,"comment_status":"closed","ping_status":"closed","sticky":false,"template":"","format":"standard","meta":{"footnotes":""},"categories":[1],"tags":[],"class_list":["post-1670","post","type-post","status-publish","format-standard","hentry","category-news"],"_links":{"self":[{"href":"https:\/\/www.viaemisericordiae.org\/de\/wp-json\/wp\/v2\/posts\/1670","targetHints":{"allow":["GET"]}}],"collection":[{"href":"https:\/\/www.viaemisericordiae.org\/de\/wp-json\/wp\/v2\/posts"}],"about":[{"href":"https:\/\/www.viaemisericordiae.org\/de\/wp-json\/wp\/v2\/types\/post"}],"author":[{"embeddable":true,"href":"https:\/\/www.viaemisericordiae.org\/de\/wp-json\/wp\/v2\/users\/1"}],"replies":[{"embeddable":true,"href":"https:\/\/www.viaemisericordiae.org\/de\/wp-json\/wp\/v2\/comments?post=1670"}],"version-history":[{"count":11,"href":"https:\/\/www.viaemisericordiae.org\/de\/wp-json\/wp\/v2\/posts\/1670\/revisions"}],"predecessor-version":[{"id":1697,"href":"https:\/\/www.viaemisericordiae.org\/de\/wp-json\/wp\/v2\/posts\/1670\/revisions\/1697"}],"wp:attachment":[{"href":"https:\/\/www.viaemisericordiae.org\/de\/wp-json\/wp\/v2\/media?parent=1670"}],"wp:term":[{"taxonomy":"category","embeddable":true,"href":"https:\/\/www.viaemisericordiae.org\/de\/wp-json\/wp\/v2\/categories?post=1670"},{"taxonomy":"post_tag","embeddable":true,"href":"https:\/\/www.viaemisericordiae.org\/de\/wp-json\/wp\/v2\/tags?post=1670"}],"curies":[{"name":"wp","href":"https:\/\/api.w.org\/{rel}","templated":true}]}}