{"id":1701,"date":"2023-10-06T10:16:33","date_gmt":"2023-10-06T08:16:33","guid":{"rendered":"https:\/\/www.viaemisericordiae.org\/?p=1701"},"modified":"2023-10-06T10:17:51","modified_gmt":"2023-10-06T08:17:51","slug":"tour-guidato-a-faenza-palazzo-milzetti-e-le-perle-del-centro-storico","status":"publish","type":"post","link":"https:\/\/www.viaemisericordiae.org\/de\/tour-guidato-a-faenza-palazzo-milzetti-e-le-perle-del-centro-storico\/","title":{"rendered":"Tour guidato a Faenza: Palazzo Milzetti e le Perle del centro storico"},"content":{"rendered":"<p class=\"qtranxs-available-languages-message qtranxs-available-languages-message-de\">Leider ist der Eintrag nur auf <a href=\"https:\/\/www.viaemisericordiae.org\/it\/wp-json\/wp\/v2\/posts\/1701\" class=\"qtranxs-available-language-link qtranxs-available-language-link-it\" title=\"Italiano\">Italiano<\/a> verf\u00fcgbar. Der Inhalt wird unten in einer verf\u00fcgbaren Sprache angezeigt. Klicken Sie auf den Link, um die aktuelle Sprache zu \u00e4ndern.<\/p><p>Vi inoltriamo la possibilit\u00e0 di partecipare a una visita guidata di Faenza nell&#8217;insegna dell&#8217;amicizia<\/p>\n<p>data: 8 ottobre 2023<br \/>\n&#x1f4cc;Visita a Palazzo Milzetti Museo dell&#8217;et\u00e0 neoclassica a Faenza<br \/>\n&#x23f2;&#xfe0f; inizio ore 10:30<br \/>\n&#x1f4dd; evento organizzato da Maria Federica Baroncini in collaborazione con meeters.org , agenzia turistica online che si occupa di turismo per over 40. Per maggiori informazioni e per prenotarsi:<\/p>\n<p><a href=\"https:\/\/meeters.org\/event\/tour-guidato-faenza-palazzo-milzetti-centro-storico?date=64e5c7f079c4c3fc14862104\">https:\/\/meeters.org\/event\/tour-guidato-faenza-palazzo-milzetti-centro-storico?date=64e5c7f079c4c3fc14862104<\/a><\/p>\n<p>&#x1f481;&#x200d;&#x2640;&#xfe0f; meeters.org NON \u00c8 assolutamente un sito d&#8217;incontri. La sua finalit\u00e0 \u00e8 aggregare persone con interessi simili per condividere la partecipazione a viaggi\/eventi etc.<\/p>\n<p>&nbsp;<\/p>\n<p><img loading=\"lazy\" decoding=\"async\" class=\"aligncenter size-medium wp-image-1702\" src=\"https:\/\/www.viaemisericordiae.org\/wp-content\/uploads\/2023\/10\/faenza-320x400.jpg\" alt=\"\" width=\"320\" height=\"400\" srcset=\"https:\/\/www.viaemisericordiae.org\/wp-content\/uploads\/2023\/10\/faenza-320x400.jpg 320w, https:\/\/www.viaemisericordiae.org\/wp-content\/uploads\/2023\/10\/faenza-768x960.jpg 768w, https:\/\/www.viaemisericordiae.org\/wp-content\/uploads\/2023\/10\/faenza-830x1038.jpg 830w, https:\/\/www.viaemisericordiae.org\/wp-content\/uploads\/2023\/10\/faenza-230x288.jpg 230w, https:\/\/www.viaemisericordiae.org\/wp-content\/uploads\/2023\/10\/faenza-350x438.jpg 350w, https:\/\/www.viaemisericordiae.org\/wp-content\/uploads\/2023\/10\/faenza-480x600.jpg 480w, https:\/\/www.viaemisericordiae.org\/wp-content\/uploads\/2023\/10\/faenza-600x750.jpg 600w, https:\/\/www.viaemisericordiae.org\/wp-content\/uploads\/2023\/10\/faenza.jpg 960w\" sizes=\"auto, (max-width: 320px) 100vw, 320px\" \/><\/p>\n<p>&nbsp;<\/p>","protected":false},"excerpt":{"rendered":"<p>Leider ist der Eintrag nur auf Italiano verf\u00fcgbar. Der Inhalt wird unten in einer verf\u00fcgbaren Sprache angezeigt. Klicken Sie auf den Link, um die aktuelle Sprache zu \u00e4ndern.Vi inoltriamo la possibilit\u00e0 di partecipare a una visita guidata di Faenza nell&#8217;insegna dell&#8217;amicizia data: 8 ottobre 2023 &#x1f4cc;Visita a Palazzo Milzetti Museo dell&#8217;et\u00e0 neoclassica a Faenza &#x23f2;&#xfe0f; [&hellip;]<\/p>\n","protected":false},"author":1,"featured_media":0,"comment_status":"closed","ping_status":"closed","sticky":false,"template":"","format":"standard","meta":{"footnotes":""},"categories":[1],"tags":[],"class_list":["post-1701","post","type-post","status-publish","format-standard","hentry","category-news"],"_links":{"self":[{"href":"https:\/\/www.viaemisericordiae.org\/de\/wp-json\/wp\/v2\/posts\/1701","targetHints":{"allow":["GET"]}}],"collection":[{"href":"https:\/\/www.viaemisericordiae.org\/de\/wp-json\/wp\/v2\/posts"}],"about":[{"href":"https:\/\/www.viaemisericordiae.org\/de\/wp-json\/wp\/v2\/types\/post"}],"author":[{"embeddable":true,"href":"https:\/\/www.viaemisericordiae.org\/de\/wp-json\/wp\/v2\/users\/1"}],"replies":[{"embeddable":true,"href":"https:\/\/www.viaemisericordiae.org\/de\/wp-json\/wp\/v2\/comments?post=1701"}],"version-history":[{"count":3,"href":"https:\/\/www.viaemisericordiae.org\/de\/wp-json\/wp\/v2\/posts\/1701\/revisions"}],"predecessor-version":[{"id":1705,"href":"https:\/\/www.viaemisericordiae.org\/de\/wp-json\/wp\/v2\/posts\/1701\/revisions\/1705"}],"wp:attachment":[{"href":"https:\/\/www.viaemisericordiae.org\/de\/wp-json\/wp\/v2\/media?parent=1701"}],"wp:term":[{"taxonomy":"category","embeddable":true,"href":"https:\/\/www.viaemisericordiae.org\/de\/wp-json\/wp\/v2\/categories?post=1701"},{"taxonomy":"post_tag","embeddable":true,"href":"https:\/\/www.viaemisericordiae.org\/de\/wp-json\/wp\/v2\/tags?post=1701"}],"curies":[{"name":"wp","href":"https:\/\/api.w.org\/{rel}","templated":true}]}}