{"id":1714,"date":"2023-10-10T17:04:56","date_gmt":"2023-10-10T15:04:56","guid":{"rendered":"https:\/\/www.viaemisericordiae.org\/?p=1714"},"modified":"2023-10-10T17:07:13","modified_gmt":"2023-10-10T15:07:13","slug":"gioco-passeggiata-gitabimbi-15-ottobre-a-faenza","status":"publish","type":"post","link":"https:\/\/www.viaemisericordiae.org\/de\/gioco-passeggiata-gitabimbi-15-ottobre-a-faenza\/","title":{"rendered":"Gioco passeggiata gitabimbi: 15 ottobre a Faenza"},"content":{"rendered":"<p class=\"qtranxs-available-languages-message qtranxs-available-languages-message-de\">Leider ist der Eintrag nur auf <a href=\"https:\/\/www.viaemisericordiae.org\/it\/wp-json\/wp\/v2\/posts\/1714\" class=\"qtranxs-available-language-link qtranxs-available-language-link-it\" title=\"Italiano\">Italiano<\/a> verf\u00fcgbar. Der Inhalt wird unten in einer verf\u00fcgbaren Sprache angezeigt. Klicken Sie auf den Link, um die aktuelle Sprache zu \u00e4ndern.<\/p><p><a href=\"https:\/\/www.viaemisericordiae.org\/wp-content\/uploads\/2023\/10\/gitabimbi.jpg\" data-rel=\"lightbox-image-0\" data-rl_title=\"\" data-rl_caption=\"\" title=\"\"><img loading=\"lazy\" decoding=\"async\" class=\"aligncenter wp-image-1715 size-medium\" src=\"https:\/\/www.viaemisericordiae.org\/wp-content\/uploads\/2023\/10\/gitabimbi-274x480.jpg\" alt=\"\" width=\"274\" height=\"480\" srcset=\"https:\/\/www.viaemisericordiae.org\/wp-content\/uploads\/2023\/10\/gitabimbi-274x480.jpg 274w, https:\/\/www.viaemisericordiae.org\/wp-content\/uploads\/2023\/10\/gitabimbi-822x1440.jpg 822w, https:\/\/www.viaemisericordiae.org\/wp-content\/uploads\/2023\/10\/gitabimbi-768x1345.jpg 768w, https:\/\/www.viaemisericordiae.org\/wp-content\/uploads\/2023\/10\/gitabimbi-877x1536.jpg 877w, https:\/\/www.viaemisericordiae.org\/wp-content\/uploads\/2023\/10\/gitabimbi-830x1454.jpg 830w, https:\/\/www.viaemisericordiae.org\/wp-content\/uploads\/2023\/10\/gitabimbi-230x403.jpg 230w, https:\/\/www.viaemisericordiae.org\/wp-content\/uploads\/2023\/10\/gitabimbi-350x613.jpg 350w, https:\/\/www.viaemisericordiae.org\/wp-content\/uploads\/2023\/10\/gitabimbi-480x841.jpg 480w, https:\/\/www.viaemisericordiae.org\/wp-content\/uploads\/2023\/10\/gitabimbi-600x1051.jpg 600w, https:\/\/www.viaemisericordiae.org\/wp-content\/uploads\/2023\/10\/gitabimbi.jpg 1080w\" sizes=\"auto, (max-width: 274px) 100vw, 274px\" \/><\/a><\/p>\n<p>Ciao a tutti, la prossima visita guidata di domenica 15 ottobre mattina \u00e8 dedicata ai bimbi 6-12 anni.<br \/>\n&#x1f440;Andremo alla RI-SCOPERTA della citt\u00e0 di Faenza! Storie, particolari nascosti, luoghi segreti&#8230;ce ne sar\u00e0 per tutti i gusti.<br \/>\n&#x2754;&#x1f64b;&#x200d;&#x2642;La visita sar\u00e0 strutturata come un quiz<br \/>\n&#x1f3c6; ai &#8222;vincitori&#8220;, premi forniti da Baba for baby<br \/>\n&#x1f4cd;punto d&#8217;incontro: davanti alla fontana monumentale piazza della libert\u00e0 alle 11:00<br \/>\n&#x1fa99; costo: 5 \u20ac a bambino<br \/>\n&#x1f935;&#x200d;&#x2642;&#xfe0f;&#x1f471;&#x200d;&#x2640; genitori \/accompagnatori gratis<br \/>\n&#x260e;&#xfe0f; posti limitati PRENOTAZIONE OBBLIGATORIA, vedi locandina<\/p>","protected":false},"excerpt":{"rendered":"<p>Leider ist der Eintrag nur auf Italiano verf\u00fcgbar. Der Inhalt wird unten in einer verf\u00fcgbaren Sprache angezeigt. Klicken Sie auf den Link, um die aktuelle Sprache zu \u00e4ndern. Ciao a tutti, la prossima visita guidata di domenica 15 ottobre mattina \u00e8 dedicata ai bimbi 6-12 anni. &#x1f440;Andremo alla RI-SCOPERTA della citt\u00e0 di Faenza! Storie, particolari [&hellip;]<\/p>\n","protected":false},"author":1,"featured_media":0,"comment_status":"closed","ping_status":"closed","sticky":false,"template":"","format":"standard","meta":{"footnotes":""},"categories":[1],"tags":[],"class_list":["post-1714","post","type-post","status-publish","format-standard","hentry","category-news"],"_links":{"self":[{"href":"https:\/\/www.viaemisericordiae.org\/de\/wp-json\/wp\/v2\/posts\/1714","targetHints":{"allow":["GET"]}}],"collection":[{"href":"https:\/\/www.viaemisericordiae.org\/de\/wp-json\/wp\/v2\/posts"}],"about":[{"href":"https:\/\/www.viaemisericordiae.org\/de\/wp-json\/wp\/v2\/types\/post"}],"author":[{"embeddable":true,"href":"https:\/\/www.viaemisericordiae.org\/de\/wp-json\/wp\/v2\/users\/1"}],"replies":[{"embeddable":true,"href":"https:\/\/www.viaemisericordiae.org\/de\/wp-json\/wp\/v2\/comments?post=1714"}],"version-history":[{"count":2,"href":"https:\/\/www.viaemisericordiae.org\/de\/wp-json\/wp\/v2\/posts\/1714\/revisions"}],"predecessor-version":[{"id":1717,"href":"https:\/\/www.viaemisericordiae.org\/de\/wp-json\/wp\/v2\/posts\/1714\/revisions\/1717"}],"wp:attachment":[{"href":"https:\/\/www.viaemisericordiae.org\/de\/wp-json\/wp\/v2\/media?parent=1714"}],"wp:term":[{"taxonomy":"category","embeddable":true,"href":"https:\/\/www.viaemisericordiae.org\/de\/wp-json\/wp\/v2\/categories?post=1714"},{"taxonomy":"post_tag","embeddable":true,"href":"https:\/\/www.viaemisericordiae.org\/de\/wp-json\/wp\/v2\/tags?post=1714"}],"curies":[{"name":"wp","href":"https:\/\/api.w.org\/{rel}","templated":true}]}}