{"id":1745,"date":"2023-11-15T11:06:45","date_gmt":"2023-11-15T10:06:45","guid":{"rendered":"https:\/\/www.viaemisericordiae.org\/?p=1745"},"modified":"2023-11-15T11:06:45","modified_gmt":"2023-11-15T10:06:45","slug":"domenica-19-novembre-2023-ravenna","status":"publish","type":"post","link":"https:\/\/www.viaemisericordiae.org\/en\/domenica-19-novembre-2023-ravenna\/","title":{"rendered":"Domenica 19 Novembre 2023 &#8211; Ravenna"},"content":{"rendered":"<p class=\"qtranxs-available-languages-message qtranxs-available-languages-message-en\">Sorry, this entry is only available in <a href=\"https:\/\/www.viaemisericordiae.org\/it\/wp-json\/wp\/v2\/posts\/1745\" class=\"qtranxs-available-language-link qtranxs-available-language-link-it\" title=\"Italiano\">Italiano<\/a>. For the sake of viewer convenience, the content is shown below in the alternative language. You may click the link to switch the active language.<\/p><p><a href=\"https:\/\/www.viaemisericordiae.org\/wp-content\/uploads\/2023\/11\/19-nov23.jpg\" data-rel=\"lightbox-image-0\" data-rl_title=\"\" data-rl_caption=\"\" title=\"\"><img loading=\"lazy\" decoding=\"async\" class=\"aligncenter wp-image-1746 size-medium\" src=\"https:\/\/www.viaemisericordiae.org\/wp-content\/uploads\/2023\/11\/19-nov23-270x480.jpg\" alt=\"\" width=\"270\" height=\"480\" srcset=\"https:\/\/www.viaemisericordiae.org\/wp-content\/uploads\/2023\/11\/19-nov23-270x480.jpg 270w, https:\/\/www.viaemisericordiae.org\/wp-content\/uploads\/2023\/11\/19-nov23-810x1440.jpg 810w, https:\/\/www.viaemisericordiae.org\/wp-content\/uploads\/2023\/11\/19-nov23-768x1365.jpg 768w, https:\/\/www.viaemisericordiae.org\/wp-content\/uploads\/2023\/11\/19-nov23-864x1536.jpg 864w, https:\/\/www.viaemisericordiae.org\/wp-content\/uploads\/2023\/11\/19-nov23-830x1476.jpg 830w, https:\/\/www.viaemisericordiae.org\/wp-content\/uploads\/2023\/11\/19-nov23-230x409.jpg 230w, https:\/\/www.viaemisericordiae.org\/wp-content\/uploads\/2023\/11\/19-nov23-350x622.jpg 350w, https:\/\/www.viaemisericordiae.org\/wp-content\/uploads\/2023\/11\/19-nov23-480x853.jpg 480w, https:\/\/www.viaemisericordiae.org\/wp-content\/uploads\/2023\/11\/19-nov23-600x1067.jpg 600w, https:\/\/www.viaemisericordiae.org\/wp-content\/uploads\/2023\/11\/19-nov23.jpg 1080w\" sizes=\"auto, (max-width: 270px) 100vw, 270px\" \/><\/a><\/p>\n<p>Prossimo appuntamento:<br \/>\n&#x1f4cd;domenica 19 ore 11:00<br \/>\n&#x1f3af; visita guidata al Museo nazionale di Ravenna<br \/>\nNon il solito museo&#8230;collezione ricchissima, ma noi ci concentreremo su statue, erme, steli di origine romana e sulle loro epigrafi.<br \/>\nChe ci parlano di amore , vendetta e&#8230; famiglie allargate !<br \/>\n&#x1f9f5;Al termine, per chi vuole, la stilista Cristina Rocca ci aspetta nel suo atelier (di fianco al museo)!<br \/>\nPerch\u00e9? Perch\u00e9 c&#8217;\u00e8 un filo sottile che lega il patrimonio artistico antico con la creativit\u00e0 contemporanea. E Cristina ce ne parler\u00e0.<br \/>\n&#x1f377;Naturalmente, con un bicchiere di buon rosso!<br \/>\n&#x260e;&#xfe0f;Come sempre, posti limitati &amp; prenotazione obbligatoria.<\/p>\n<p>Per info e prenotazione: Maria Federica Baroncini Guida Turistica 335.6273866, email: mariafederica.faenza@gmail.com<\/p>\n<p>&nbsp;<\/p>\n<p>&nbsp;<\/p>","protected":false},"excerpt":{"rendered":"<p>Sorry, this entry is only available in Italiano. For the sake of viewer convenience, the content is shown below in the alternative language. You may click the link to switch the active language. Prossimo appuntamento: &#x1f4cd;domenica 19 ore 11:00 &#x1f3af; visita guidata al Museo nazionale di Ravenna Non il solito museo&#8230;collezione ricchissima, ma noi ci [&hellip;]<\/p>\n","protected":false},"author":1,"featured_media":0,"comment_status":"closed","ping_status":"closed","sticky":false,"template":"","format":"standard","meta":{"footnotes":""},"categories":[1],"tags":[],"class_list":["post-1745","post","type-post","status-publish","format-standard","hentry","category-news"],"_links":{"self":[{"href":"https:\/\/www.viaemisericordiae.org\/en\/wp-json\/wp\/v2\/posts\/1745","targetHints":{"allow":["GET"]}}],"collection":[{"href":"https:\/\/www.viaemisericordiae.org\/en\/wp-json\/wp\/v2\/posts"}],"about":[{"href":"https:\/\/www.viaemisericordiae.org\/en\/wp-json\/wp\/v2\/types\/post"}],"author":[{"embeddable":true,"href":"https:\/\/www.viaemisericordiae.org\/en\/wp-json\/wp\/v2\/users\/1"}],"replies":[{"embeddable":true,"href":"https:\/\/www.viaemisericordiae.org\/en\/wp-json\/wp\/v2\/comments?post=1745"}],"version-history":[{"count":1,"href":"https:\/\/www.viaemisericordiae.org\/en\/wp-json\/wp\/v2\/posts\/1745\/revisions"}],"predecessor-version":[{"id":1747,"href":"https:\/\/www.viaemisericordiae.org\/en\/wp-json\/wp\/v2\/posts\/1745\/revisions\/1747"}],"wp:attachment":[{"href":"https:\/\/www.viaemisericordiae.org\/en\/wp-json\/wp\/v2\/media?parent=1745"}],"wp:term":[{"taxonomy":"category","embeddable":true,"href":"https:\/\/www.viaemisericordiae.org\/en\/wp-json\/wp\/v2\/categories?post=1745"},{"taxonomy":"post_tag","embeddable":true,"href":"https:\/\/www.viaemisericordiae.org\/en\/wp-json\/wp\/v2\/tags?post=1745"}],"curies":[{"name":"wp","href":"https:\/\/api.w.org\/{rel}","templated":true}]}}